{"id":2609,"date":"2024-10-14T13:23:14","date_gmt":"2024-10-14T13:23:14","guid":{"rendered":"https:\/\/xrwomenproject.eu\/?p=2609"},"modified":"2024-10-14T13:23:14","modified_gmt":"2024-10-14T13:23:14","slug":"problemy-zen-uprchlic-a-zen-s-omezenymi-moznostmi-v-ceske-spolecnosti","status":"publish","type":"post","link":"https:\/\/xrwomenproject.eu\/cs\/problemy-zen-uprchlic-a-zen-s-omezenymi-moznostmi-v-ceske-spolecnosti\/","title":{"rendered":"Probl\u00e9my \u017een uprchlic a \u017een s omezen\u00fdmi mo\u017enostmi v \u010desk\u00e9 spole\u010dnosti"},"content":{"rendered":"<p><span style=\"font-weight: 400;\">\u017deny uprchlice a \u017eeny s omezen\u00fdmi mo\u017enostmi \u010del\u00ed \u0159ad\u011b specifick\u00fdch probl\u00e9m\u016f, kter\u00e9 mohou b\u00fdt velmi slo\u017eit\u00e9 a z\u00e1va\u017en\u00e9. Zde je uvedeno n\u011bkolik z\u00a0nich:<\/span><\/p>\n<p><b>Zdravotn\u00ed p\u00e9\u010de:<\/b><span style=\"font-weight: 400;\"> Nedostatek dostupn\u00e9 zdravotn\u00ed p\u00e9\u010de, v\u010detn\u011b preventivn\u00ed a specializovan\u00e9 p\u00e9\u010de, m\u016f\u017ee m\u00edt v\u00e1\u017en\u00e9 dopady na zdrav\u00ed \u017een uprchlic a \u017een s omezen\u00fdmi mo\u017enostmi. \u010casto je t\u00e9\u017e obt\u00ed\u017en\u00e9 z\u00edskat adekv\u00e1tn\u00ed psychologickou podporu, kterou \u017eeny uprchlice vyhled\u00e1vaj\u00ed v\u00a0souvislosti se z\u00e1\u017eitky a stresem spojen\u00fdm s\u00a0\u00fat\u011bkem z\u00a0rodn\u00e9 zem\u011b.\u00a0<\/span><\/p>\n<p><b>Ekonomick\u00e9 bari\u00e9ry:<\/b><span style=\"font-weight: 400;\"> \u017deny uprchlice a \u017eeny s\u00a0omezen\u00fdmi mo\u017enostmi maj\u00ed \u010dasto n\u00edzk\u00e9 p\u0159\u00edjmy a omezen\u00fd p\u0159\u00edstup k ekonomick\u00fdm p\u0159\u00edle\u017eitostem, co\u017e vede k chudob\u011b a ekonomick\u00e9 z\u00e1vislosti. Tak\u00e9 omezen\u00fd p\u0159\u00edstup ke kvalitn\u00edmu vzd\u011bl\u00e1n\u00ed m\u016f\u017ee zhor\u0161ovat jejich ekonomick\u00e9 vyhl\u00eddky.<\/span><\/p>\n<p><b>Soci\u00e1ln\u00ed a kulturn\u00ed bari\u00e9ry:<\/b><span style=\"font-weight: 400;\"> \u017deny uprchlice a \u017eeny s omezen\u00fdmi mo\u017enostmi mohou \u010delit diskriminaci na z\u00e1klad\u011b pohlav\u00ed, rasy, etnicity, zdravotn\u00edho posti\u017een\u00ed nebo jin\u00fdch faktor\u016f. Jazykov\u00e1 bari\u00e9ra, kulturn\u00ed rozd\u00edly a diskriminace mohou d\u00e1le v\u00e9st k soci\u00e1ln\u00ed izolaci.<\/span><\/p>\n<p><b>Pr\u00e1va a pr\u00e1vn\u00ed postaven\u00ed:<\/b><span style=\"font-weight: 400;\"> Omezen\u00fd p\u0159\u00edstup k informac\u00edm o pr\u00e1vech a nedostate\u010dn\u00e1 pr\u00e1vn\u00ed podpora mohou zhor\u0161it postaven\u00ed \u017een uprchlic a \u017een s\u00a0omezen\u00fdmi mo\u017enostmi. Mnoho uprchlic nem\u00e1 p\u0159\u00edstup k pr\u00e1vn\u00ed pomoci a \u010dasto nezn\u00e1 sv\u00e1 pr\u00e1va v hostitelsk\u00e9 zemi. Tak\u00e9 ztr\u00e1ta osobn\u00edch doklad\u016f a probl\u00e9my s registrac\u00ed jako uprchl\u00edk\u016f mohou komplikovat p\u0159\u00edstup k z\u00e1kladn\u00edm slu\u017eb\u00e1m a ochran\u011b.<\/span><\/p>\n<p><b>Bezpe\u010dnost:<\/b><span style=\"font-weight: 400;\"> \u017deny uprchlice a \u017eeny s omezen\u00fdmi mo\u017enostmi jsou \u010dasto vystaveny vy\u0161\u0161\u00edmu riziku n\u00e1sil\u00ed a zneu\u017e\u00edv\u00e1n\u00ed, a to jak v dom\u00e1c\u00edm prost\u0159ed\u00ed, tak i v \u0161ir\u0161\u00ed spole\u010dnosti. \u017deny uprchlice mohou \u010delit i dal\u0161\u00edmu nebezpe\u010d\u00ed \u2013 t\u00e1bory pro uprchl\u00edky a p\u0159echodn\u00e9 ubytov\u00e1n\u00ed mohou b\u00fdt nebezpe\u010dn\u00e9 a nedostate\u010dn\u011b zabezpe\u010den\u00e9.<\/span><\/p>\n<p><b>Co lze tedy d\u011blat pro zlep\u0161en\u00ed situace \u017een uprchlic a \u017een s omezen\u00fdmi mo\u017enostmi?<\/b><\/p>\n<ul>\n<li style=\"font-weight: 400;\" aria-level=\"1\"><span style=\"font-weight: 400;\">Zajistit bezpe\u010dn\u00e9 a chr\u00e1n\u011bn\u00e9 prost\u0159ed\u00ed.<\/span><\/li>\n<li style=\"font-weight: 400;\" aria-level=\"1\"><span style=\"font-weight: 400;\">Zlep\u0161it p\u0159\u00edstup ke zdravotn\u00ed p\u00e9\u010di a psychologick\u00e9 podpo\u0159e.<\/span><\/li>\n<li style=\"font-weight: 400;\" aria-level=\"1\"><span style=\"font-weight: 400;\">Poskytovat pr\u00e1vn\u00ed pomoc a podporu p\u0159i z\u00edsk\u00e1v\u00e1n\u00ed dokument\u016f.<\/span><\/li>\n<li style=\"font-weight: 400;\" aria-level=\"1\"><span style=\"font-weight: 400;\">Podporovat ekonomickou nez\u00e1vislost prost\u0159ednictv\u00edm vzd\u011bl\u00e1v\u00e1n\u00ed a pracovn\u00edch p\u0159\u00edle\u017eitost\u00ed.<\/span><\/li>\n<li style=\"font-weight: 400;\" aria-level=\"1\"><span style=\"font-weight: 400;\">Zvy\u0161ovat pov\u011bdom\u00ed o pr\u00e1vech a poskytovat vzd\u011bl\u00e1v\u00e1n\u00ed v oblasti lidsk\u00fdch pr\u00e1v.<\/span><\/li>\n<li style=\"font-weight: 400;\" aria-level=\"1\"><span style=\"font-weight: 400;\">Bojovat proti diskriminaci a zaji\u0161\u0165ovat inkluzivn\u00ed politiku a praktiky.<\/span><\/li>\n<\/ul>\n","protected":false},"excerpt":{"rendered":"<p>\u017deny uprchlice a \u017eeny s omezen\u00fdmi mo\u017enostmi \u010del\u00ed \u0159ad\u011b specifick\u00fdch probl\u00e9m\u016f, kter\u00e9 mohou b\u00fdt velmi slo\u017eit\u00e9 a z\u00e1va\u017en\u00e9. Zde je uvedeno n\u011bkolik z\u00a0nich: Zdravotn\u00ed p\u00e9\u010de:..<\/p>\n","protected":false},"author":1,"featured_media":0,"comment_status":"closed","ping_status":"open","sticky":false,"template":"","format":"standard","meta":{"_acf_changed":false,"inline_featured_image":false,"footnotes":""},"categories":[73],"tags":[],"class_list":["post-2609","post","type-post","status-publish","format-standard","hentry","category-novinky"],"acf":[],"_links":{"self":[{"href":"https:\/\/xrwomenproject.eu\/cs\/wp-json\/wp\/v2\/posts\/2609","targetHints":{"allow":["GET"]}}],"collection":[{"href":"https:\/\/xrwomenproject.eu\/cs\/wp-json\/wp\/v2\/posts"}],"about":[{"href":"https:\/\/xrwomenproject.eu\/cs\/wp-json\/wp\/v2\/types\/post"}],"author":[{"embeddable":true,"href":"https:\/\/xrwomenproject.eu\/cs\/wp-json\/wp\/v2\/users\/1"}],"replies":[{"embeddable":true,"href":"https:\/\/xrwomenproject.eu\/cs\/wp-json\/wp\/v2\/comments?post=2609"}],"version-history":[{"count":1,"href":"https:\/\/xrwomenproject.eu\/cs\/wp-json\/wp\/v2\/posts\/2609\/revisions"}],"predecessor-version":[{"id":2610,"href":"https:\/\/xrwomenproject.eu\/cs\/wp-json\/wp\/v2\/posts\/2609\/revisions\/2610"}],"wp:attachment":[{"href":"https:\/\/xrwomenproject.eu\/cs\/wp-json\/wp\/v2\/media?parent=2609"}],"wp:term":[{"taxonomy":"category","embeddable":true,"href":"https:\/\/xrwomenproject.eu\/cs\/wp-json\/wp\/v2\/categories?post=2609"},{"taxonomy":"post_tag","embeddable":true,"href":"https:\/\/xrwomenproject.eu\/cs\/wp-json\/wp\/v2\/tags?post=2609"}],"curies":[{"name":"wp","href":"https:\/\/api.w.org\/{rel}","templated":true}]}}